{"id":109,"date":"2015-08-24T18:33:40","date_gmt":"2015-08-24T17:33:40","guid":{"rendered":"http:\/\/wwww.lespritdesanges.com\/blog?p=109"},"modified":"2016-03-17T18:35:21","modified_gmt":"2016-03-17T17:35:21","slug":"une-plage-sauvage-au-mois-d-aout","status":"publish","type":"post","link":"https:\/\/www.lespritdesanges.com\/blog\/une-plage-sauvage-au-mois-d-aout\/","title":{"rendered":"Une plage sauvage au mois d&rsquo;ao\u00fbt."},"content":{"rendered":"<h2 style=\"text-align: justify;\"><img loading=\"lazy\" decoding=\"async\" class=\"alignnone size-full wp-image-112\" src=\"https:\/\/www.lespritdesanges.com\/blog\/wp-content\/uploads\/2015\/08\/ph_simpleblog_19.jpg\" alt=\"plage secr\u00eate\" width=\"988\" height=\"465\" srcset=\"https:\/\/www.lespritdesanges.com\/blog\/wp-content\/uploads\/2015\/08\/ph_simpleblog_19.jpg 988w, https:\/\/www.lespritdesanges.com\/blog\/wp-content\/uploads\/2015\/08\/ph_simpleblog_19-300x141.jpg 300w, https:\/\/www.lespritdesanges.com\/blog\/wp-content\/uploads\/2015\/08\/ph_simpleblog_19-768x361.jpg 768w, https:\/\/www.lespritdesanges.com\/blog\/wp-content\/uploads\/2015\/08\/ph_simpleblog_19-800x377.jpg 800w\" sizes=\"auto, (max-width: 988px) 100vw, 988px\" \/><\/h2>\n<h2 style=\"text-align: justify;\">Les vacances au bord de mer .<\/h2>\n<p style=\"text-align: justify;\">L&rsquo;\u00e9quipe de l&rsquo;Esprit des Anges d\u00e9cide de s&rsquo;accorder un Week-End d&rsquo;\u00e9vasion <strong>maritime<\/strong> dans le d\u00e9partement des Landes. Ce d\u00e9partement est bien connu pour ses for\u00eats de pins \u00e0 perte de vue sillonn\u00e9es de routes rectilignes qui se coupent \u00e0 angles droits.<\/p>\n<p style=\"text-align: justify;\">Il est \u00e9galement r\u00e9put\u00e9 pour sa gastronomie bas\u00e9e sur l&rsquo;\u00e9levage de l&rsquo;oie et du canard dont les fabuleux foie gras sont les meilleurs ambassadeurs.Si nous ne nous sommes pas priv\u00e9s de red\u00e9couvrir ces d\u00e9lices culinaires notre int\u00e9r\u00eat s&rsquo;est port\u00e9 sur le littoral atlantique et la recherche d&rsquo;une <strong>plage ensoleill\u00e9e<\/strong> mais tranquille afin de pouvoir se d\u00e9tendre loin du tumulte touristique.<\/p>\n<p style=\"text-align: justify;\">En France le mot vacances est synonyme de mois d&rsquo;Ao\u00fbt . Le fran\u00e7ais est une esp\u00e8ce gr\u00e9gaire qui passe ( pour la plupart ) son ann\u00e9e dans les embouteillages et l&rsquo;agitation des villes et s&rsquo; agglutine en \u00e9t\u00e9 sur les plages du littoral . Au mois d&rsquo;Ao\u00fbt inutile de contacter la moindre entreprise , tout le monde est au abonn\u00e9s absents. C&rsquo;est dans ce contexte peu propice \u00e0 l&rsquo;isolement que nous nous mettons \u00e0 la recherche de la perle rare , <strong>la plage d\u00e9serte<\/strong>.<\/p>\n<h2 style=\"text-align: justify;\">Une plage de r\u00eave.<\/h2>\n<p style=\"text-align: justify;\">Dans la vie tout se m\u00e9rite , il en est de m\u00eame pour ce <strong>spot sublime<\/strong>. Nous passons des heures \u00e0 explorer divers acc\u00e8s \u00e0 la mer et la plupart conduisent \u00e0 des fourmili\u00e8res g\u00e9antes o\u00f9 se retrouvent nos contemporains.Parkings immenses , multiples campings , restaurants et pizzerias de plage , tout \u00e7a est aussi bucolique que la galerie marchande d&rsquo;un hypermarch\u00e9 un samedi avant les f\u00eates de fin d&rsquo;ann\u00e9e.<\/p>\n<p style=\"text-align: justify;\">De demi-tours et fuite \u00e9perdue nous poursuivons notre qu\u00eate vers le saint Graal de la dune secr\u00e8te. Au d\u00e9tour d&rsquo;une petite route du <strong>bord de mer<\/strong> nous d\u00e9couvrons un chemin carrossable qui s&rsquo;enfonce dans la pin\u00e8de. Au bout du chemin quelques v\u00e9hicules diss\u00e9min\u00e9s sous les pins et un petit sentier de bois qui franchit la dune. A peine quelques dizaines de m\u00e8tres et nous voil\u00e0 d\u00e9bouchant sur l&rsquo;oc\u00e9an immense . A droite et \u00e0 gauche la plage \u00e0 perte de vue , d&rsquo;une largeur impressionnante et &#8230;.d\u00e9serte ! Les quelques personnes qui nous ont pr\u00e9c\u00e9d\u00e9s sont install\u00e9es en face du chemin, tout le reste est \u00e0 notre disposition , un privil\u00e8ge dont nous abusons imm\u00e9diatement et pour les heures \u00e0 venir.<\/p>\n<p style=\"text-align: justify;\">En attendant de nous rejoindre dans le ressac des vagues il est possible d&rsquo;avoir un peu de l&rsquo;ambiance avec les objets de la\u00a0<strong><a href=\"http:\/\/www.lespritdesanges.com\/54-deco-bord-de-mer\">d\u00e9coration bord de mer<\/a><\/strong> pr\u00e9sents sur la boutique. C&rsquo;est un peu de l&rsquo;<strong>oc\u00e9an<\/strong> que l&rsquo;on garde chez soi , l&rsquo;<strong>esprit des vacance<\/strong>s conserv\u00e9 au quotidien.<\/p>\n<p style=\"text-align: justify;\">On vous souhaite de bonnes trouvailles pour la saison prochaine.<\/p>\n","protected":false},"excerpt":{"rendered":"<p>Les vacances au bord de mer . L&rsquo;\u00e9quipe de l&rsquo;Esprit des Anges d\u00e9cide de s&rsquo;accorder un Week-End d&rsquo;\u00e9vasion maritime dans le d\u00e9partement des Landes. Ce d\u00e9partement est bien connu pour ses for\u00eats de pins \u00e0 perte de vue sillonn\u00e9es de routes rectilignes qui se coupent \u00e0 angles droits. Il est \u00e9galement r\u00e9put\u00e9 pour sa gastronomie &#8230; <a title=\"Une plage sauvage au mois d&rsquo;ao\u00fbt.\" class=\"read-more\" href=\"https:\/\/www.lespritdesanges.com\/blog\/une-plage-sauvage-au-mois-d-aout\/\" aria-label=\"En savoir plus sur Une plage sauvage au mois d&rsquo;ao\u00fbt.\">Lire la suite<\/a><\/p>\n","protected":false},"author":1,"featured_media":110,"comment_status":"open","ping_status":"open","sticky":false,"template":"","format":"standard","meta":{"footnotes":""},"categories":[2],"tags":[],"class_list":["post-109","post","type-post","status-publish","format-standard","has-post-thumbnail","hentry","category-les-nouvelles"],"yoast_head":"<!-- This site is optimized with the Yoast SEO plugin v27.4 - https:\/\/yoast.com\/product\/yoast-seo-wordpress\/ -->\n<title>Une plage secr\u00e8te au bord de mer<\/title>\n<meta name=\"description\" content=\"La d\u00e9couverte impromptue d&#039;une plage quasi d\u00e9serte au bord de l&#039;atlantique.\" \/>\n<meta name=\"robots\" content=\"index, follow, max-snippet:-1, max-image-preview:large, max-video-preview:-1\" \/>\n<link rel=\"canonical\" href=\"https:\/\/www.lespritdesanges.com\/blog\/une-plage-sauvage-au-mois-d-aout\/\" \/>\n<meta property=\"og:locale\" content=\"fr_FR\" \/>\n<meta property=\"og:type\" content=\"article\" \/>\n<meta property=\"og:title\" content=\"Une plage secr\u00e8te au bord de mer\" \/>\n<meta property=\"og:description\" content=\"La d\u00e9couverte impromptue d&#039;une plage quasi d\u00e9serte au bord de l&#039;atlantique.\" \/>\n<meta property=\"og:url\" content=\"https:\/\/www.lespritdesanges.com\/blog\/une-plage-sauvage-au-mois-d-aout\/\" \/>\n<meta property=\"article:publisher\" content=\"https:\/\/www.facebook.com\/espritdesanges\/\" \/>\n<meta property=\"article:published_time\" content=\"2015-08-24T17:33:40+00:00\" \/>\n<meta property=\"article:modified_time\" content=\"2016-03-17T17:35:21+00:00\" \/>\n<meta property=\"og:image\" content=\"https:\/\/www.lespritdesanges.com\/blog\/wp-content\/uploads\/2016\/03\/ph_simpleblog_19.jpg\" \/>\n\t<meta property=\"og:image:width\" content=\"300\" \/>\n\t<meta property=\"og:image:height\" content=\"300\" \/>\n\t<meta property=\"og:image:type\" content=\"image\/jpeg\" \/>\n<meta name=\"author\" content=\"Axel\" \/>\n<meta name=\"twitter:card\" content=\"summary_large_image\" \/>\n<meta name=\"twitter:creator\" content=\"@Lespritdesanges\" \/>\n<meta name=\"twitter:site\" content=\"@Lespritdesanges\" \/>\n<meta name=\"twitter:label1\" content=\"\u00c9crit par\" \/>\n\t<meta name=\"twitter:data1\" content=\"Axel\" \/>\n\t<meta name=\"twitter:label2\" content=\"Dur\u00e9e de lecture estim\u00e9e\" \/>\n\t<meta name=\"twitter:data2\" content=\"2 minutes\" \/>\n<script type=\"application\/ld+json\" class=\"yoast-schema-graph\">{\"@context\":\"https:\\\/\\\/schema.org\",\"@graph\":[{\"@type\":\"Article\",\"@id\":\"https:\\\/\\\/www.lespritdesanges.com\\\/blog\\\/une-plage-sauvage-au-mois-d-aout\\\/#article\",\"isPartOf\":{\"@id\":\"https:\\\/\\\/www.lespritdesanges.com\\\/blog\\\/une-plage-sauvage-au-mois-d-aout\\\/\"},\"author\":{\"name\":\"Axel\",\"@id\":\"https:\\\/\\\/www.lespritdesanges.com\\\/blog\\\/#\\\/schema\\\/person\\\/5c9af43eaa955c405e722e6de2dbb06e\"},\"headline\":\"Une plage sauvage au mois d&rsquo;ao\u00fbt.\",\"datePublished\":\"2015-08-24T17:33:40+00:00\",\"dateModified\":\"2016-03-17T17:35:21+00:00\",\"mainEntityOfPage\":{\"@id\":\"https:\\\/\\\/www.lespritdesanges.com\\\/blog\\\/une-plage-sauvage-au-mois-d-aout\\\/\"},\"wordCount\":481,\"commentCount\":0,\"publisher\":{\"@id\":\"https:\\\/\\\/www.lespritdesanges.com\\\/blog\\\/#organization\"},\"image\":{\"@id\":\"https:\\\/\\\/www.lespritdesanges.com\\\/blog\\\/une-plage-sauvage-au-mois-d-aout\\\/#primaryimage\"},\"thumbnailUrl\":\"https:\\\/\\\/www.lespritdesanges.com\\\/blog\\\/wp-content\\\/uploads\\\/2016\\\/03\\\/ph_simpleblog_19.jpg\",\"articleSection\":[\"Les nouvelles\"],\"inLanguage\":\"fr-FR\",\"potentialAction\":[{\"@type\":\"CommentAction\",\"name\":\"Comment\",\"target\":[\"https:\\\/\\\/www.lespritdesanges.com\\\/blog\\\/une-plage-sauvage-au-mois-d-aout\\\/#respond\"]}]},{\"@type\":\"WebPage\",\"@id\":\"https:\\\/\\\/www.lespritdesanges.com\\\/blog\\\/une-plage-sauvage-au-mois-d-aout\\\/\",\"url\":\"https:\\\/\\\/www.lespritdesanges.com\\\/blog\\\/une-plage-sauvage-au-mois-d-aout\\\/\",\"name\":\"Une plage secr\u00e8te au bord de mer\",\"isPartOf\":{\"@id\":\"https:\\\/\\\/www.lespritdesanges.com\\\/blog\\\/#website\"},\"primaryImageOfPage\":{\"@id\":\"https:\\\/\\\/www.lespritdesanges.com\\\/blog\\\/une-plage-sauvage-au-mois-d-aout\\\/#primaryimage\"},\"image\":{\"@id\":\"https:\\\/\\\/www.lespritdesanges.com\\\/blog\\\/une-plage-sauvage-au-mois-d-aout\\\/#primaryimage\"},\"thumbnailUrl\":\"https:\\\/\\\/www.lespritdesanges.com\\\/blog\\\/wp-content\\\/uploads\\\/2016\\\/03\\\/ph_simpleblog_19.jpg\",\"datePublished\":\"2015-08-24T17:33:40+00:00\",\"dateModified\":\"2016-03-17T17:35:21+00:00\",\"description\":\"La d\u00e9couverte impromptue d'une plage quasi d\u00e9serte au bord de l'atlantique.\",\"breadcrumb\":{\"@id\":\"https:\\\/\\\/www.lespritdesanges.com\\\/blog\\\/une-plage-sauvage-au-mois-d-aout\\\/#breadcrumb\"},\"inLanguage\":\"fr-FR\",\"potentialAction\":[{\"@type\":\"ReadAction\",\"target\":[\"https:\\\/\\\/www.lespritdesanges.com\\\/blog\\\/une-plage-sauvage-au-mois-d-aout\\\/\"]}]},{\"@type\":\"ImageObject\",\"inLanguage\":\"fr-FR\",\"@id\":\"https:\\\/\\\/www.lespritdesanges.com\\\/blog\\\/une-plage-sauvage-au-mois-d-aout\\\/#primaryimage\",\"url\":\"https:\\\/\\\/www.lespritdesanges.com\\\/blog\\\/wp-content\\\/uploads\\\/2016\\\/03\\\/ph_simpleblog_19.jpg\",\"contentUrl\":\"https:\\\/\\\/www.lespritdesanges.com\\\/blog\\\/wp-content\\\/uploads\\\/2016\\\/03\\\/ph_simpleblog_19.jpg\",\"width\":300,\"height\":300,\"caption\":\"plage des landes\"},{\"@type\":\"BreadcrumbList\",\"@id\":\"https:\\\/\\\/www.lespritdesanges.com\\\/blog\\\/une-plage-sauvage-au-mois-d-aout\\\/#breadcrumb\",\"itemListElement\":[{\"@type\":\"ListItem\",\"position\":1,\"name\":\"Accueil\",\"item\":\"https:\\\/\\\/www.lespritdesanges.com\\\/blog\\\/\"},{\"@type\":\"ListItem\",\"position\":2,\"name\":\"Une plage sauvage au mois d&rsquo;ao\u00fbt.\"}]},{\"@type\":\"WebSite\",\"@id\":\"https:\\\/\\\/www.lespritdesanges.com\\\/blog\\\/#website\",\"url\":\"https:\\\/\\\/www.lespritdesanges.com\\\/blog\\\/\",\"name\":\"\",\"description\":\"Le blog shabby de l&#039;Esprit des Anges\",\"publisher\":{\"@id\":\"https:\\\/\\\/www.lespritdesanges.com\\\/blog\\\/#organization\"},\"potentialAction\":[{\"@type\":\"SearchAction\",\"target\":{\"@type\":\"EntryPoint\",\"urlTemplate\":\"https:\\\/\\\/www.lespritdesanges.com\\\/blog\\\/?s={search_term_string}\"},\"query-input\":{\"@type\":\"PropertyValueSpecification\",\"valueRequired\":true,\"valueName\":\"search_term_string\"}}],\"inLanguage\":\"fr-FR\"},{\"@type\":\"Organization\",\"@id\":\"https:\\\/\\\/www.lespritdesanges.com\\\/blog\\\/#organization\",\"name\":\"L'Esprit des Anges\",\"url\":\"https:\\\/\\\/www.lespritdesanges.com\\\/blog\\\/\",\"logo\":{\"@type\":\"ImageObject\",\"inLanguage\":\"fr-FR\",\"@id\":\"https:\\\/\\\/www.lespritdesanges.com\\\/blog\\\/#\\\/schema\\\/logo\\\/image\\\/\",\"url\":\"https:\\\/\\\/www.lespritdesanges.com\\\/blog\\\/wp-content\\\/uploads\\\/2016\\\/03\\\/lespridesanges-icone.jpg\",\"contentUrl\":\"https:\\\/\\\/www.lespritdesanges.com\\\/blog\\\/wp-content\\\/uploads\\\/2016\\\/03\\\/lespridesanges-icone.jpg\",\"width\":512,\"height\":512,\"caption\":\"L'Esprit des Anges\"},\"image\":{\"@id\":\"https:\\\/\\\/www.lespritdesanges.com\\\/blog\\\/#\\\/schema\\\/logo\\\/image\\\/\"},\"sameAs\":[\"https:\\\/\\\/www.facebook.com\\\/espritdesanges\\\/\",\"https:\\\/\\\/x.com\\\/Lespritdesanges\",\"https:\\\/\\\/fr.pinterest.com\\\/lespritdesanges\\\/\"]},{\"@type\":\"Person\",\"@id\":\"https:\\\/\\\/www.lespritdesanges.com\\\/blog\\\/#\\\/schema\\\/person\\\/5c9af43eaa955c405e722e6de2dbb06e\",\"name\":\"Axel\",\"image\":{\"@type\":\"ImageObject\",\"inLanguage\":\"fr-FR\",\"@id\":\"https:\\\/\\\/secure.gravatar.com\\\/avatar\\\/7027e2a2dcc9f5c86ab92f9936cd6995acd2309991bc964a20c7c96a178588e3?s=96&d=mm&r=g\",\"url\":\"https:\\\/\\\/secure.gravatar.com\\\/avatar\\\/7027e2a2dcc9f5c86ab92f9936cd6995acd2309991bc964a20c7c96a178588e3?s=96&d=mm&r=g\",\"contentUrl\":\"https:\\\/\\\/secure.gravatar.com\\\/avatar\\\/7027e2a2dcc9f5c86ab92f9936cd6995acd2309991bc964a20c7c96a178588e3?s=96&d=mm&r=g\",\"caption\":\"Axel\"},\"url\":\"https:\\\/\\\/www.lespritdesanges.com\\\/blog\\\/author\\\/axel\\\/\"}]}<\/script>\n<!-- \/ Yoast SEO plugin. -->","yoast_head_json":{"title":"Une plage secr\u00e8te au bord de mer","description":"La d\u00e9couverte impromptue d'une plage quasi d\u00e9serte au bord de l'atlantique.","robots":{"index":"index","follow":"follow","max-snippet":"max-snippet:-1","max-image-preview":"max-image-preview:large","max-video-preview":"max-video-preview:-1"},"canonical":"https:\/\/www.lespritdesanges.com\/blog\/une-plage-sauvage-au-mois-d-aout\/","og_locale":"fr_FR","og_type":"article","og_title":"Une plage secr\u00e8te au bord de mer","og_description":"La d\u00e9couverte impromptue d'une plage quasi d\u00e9serte au bord de l'atlantique.","og_url":"https:\/\/www.lespritdesanges.com\/blog\/une-plage-sauvage-au-mois-d-aout\/","article_publisher":"https:\/\/www.facebook.com\/espritdesanges\/","article_published_time":"2015-08-24T17:33:40+00:00","article_modified_time":"2016-03-17T17:35:21+00:00","og_image":[{"width":300,"height":300,"url":"https:\/\/www.lespritdesanges.com\/blog\/wp-content\/uploads\/2016\/03\/ph_simpleblog_19.jpg","type":"image\/jpeg"}],"author":"Axel","twitter_card":"summary_large_image","twitter_creator":"@Lespritdesanges","twitter_site":"@Lespritdesanges","twitter_misc":{"\u00c9crit par":"Axel","Dur\u00e9e de lecture estim\u00e9e":"2 minutes"},"schema":{"@context":"https:\/\/schema.org","@graph":[{"@type":"Article","@id":"https:\/\/www.lespritdesanges.com\/blog\/une-plage-sauvage-au-mois-d-aout\/#article","isPartOf":{"@id":"https:\/\/www.lespritdesanges.com\/blog\/une-plage-sauvage-au-mois-d-aout\/"},"author":{"name":"Axel","@id":"https:\/\/www.lespritdesanges.com\/blog\/#\/schema\/person\/5c9af43eaa955c405e722e6de2dbb06e"},"headline":"Une plage sauvage au mois d&rsquo;ao\u00fbt.","datePublished":"2015-08-24T17:33:40+00:00","dateModified":"2016-03-17T17:35:21+00:00","mainEntityOfPage":{"@id":"https:\/\/www.lespritdesanges.com\/blog\/une-plage-sauvage-au-mois-d-aout\/"},"wordCount":481,"commentCount":0,"publisher":{"@id":"https:\/\/www.lespritdesanges.com\/blog\/#organization"},"image":{"@id":"https:\/\/www.lespritdesanges.com\/blog\/une-plage-sauvage-au-mois-d-aout\/#primaryimage"},"thumbnailUrl":"https:\/\/www.lespritdesanges.com\/blog\/wp-content\/uploads\/2016\/03\/ph_simpleblog_19.jpg","articleSection":["Les nouvelles"],"inLanguage":"fr-FR","potentialAction":[{"@type":"CommentAction","name":"Comment","target":["https:\/\/www.lespritdesanges.com\/blog\/une-plage-sauvage-au-mois-d-aout\/#respond"]}]},{"@type":"WebPage","@id":"https:\/\/www.lespritdesanges.com\/blog\/une-plage-sauvage-au-mois-d-aout\/","url":"https:\/\/www.lespritdesanges.com\/blog\/une-plage-sauvage-au-mois-d-aout\/","name":"Une plage secr\u00e8te au bord de mer","isPartOf":{"@id":"https:\/\/www.lespritdesanges.com\/blog\/#website"},"primaryImageOfPage":{"@id":"https:\/\/www.lespritdesanges.com\/blog\/une-plage-sauvage-au-mois-d-aout\/#primaryimage"},"image":{"@id":"https:\/\/www.lespritdesanges.com\/blog\/une-plage-sauvage-au-mois-d-aout\/#primaryimage"},"thumbnailUrl":"https:\/\/www.lespritdesanges.com\/blog\/wp-content\/uploads\/2016\/03\/ph_simpleblog_19.jpg","datePublished":"2015-08-24T17:33:40+00:00","dateModified":"2016-03-17T17:35:21+00:00","description":"La d\u00e9couverte impromptue d'une plage quasi d\u00e9serte au bord de l'atlantique.","breadcrumb":{"@id":"https:\/\/www.lespritdesanges.com\/blog\/une-plage-sauvage-au-mois-d-aout\/#breadcrumb"},"inLanguage":"fr-FR","potentialAction":[{"@type":"ReadAction","target":["https:\/\/www.lespritdesanges.com\/blog\/une-plage-sauvage-au-mois-d-aout\/"]}]},{"@type":"ImageObject","inLanguage":"fr-FR","@id":"https:\/\/www.lespritdesanges.com\/blog\/une-plage-sauvage-au-mois-d-aout\/#primaryimage","url":"https:\/\/www.lespritdesanges.com\/blog\/wp-content\/uploads\/2016\/03\/ph_simpleblog_19.jpg","contentUrl":"https:\/\/www.lespritdesanges.com\/blog\/wp-content\/uploads\/2016\/03\/ph_simpleblog_19.jpg","width":300,"height":300,"caption":"plage des landes"},{"@type":"BreadcrumbList","@id":"https:\/\/www.lespritdesanges.com\/blog\/une-plage-sauvage-au-mois-d-aout\/#breadcrumb","itemListElement":[{"@type":"ListItem","position":1,"name":"Accueil","item":"https:\/\/www.lespritdesanges.com\/blog\/"},{"@type":"ListItem","position":2,"name":"Une plage sauvage au mois d&rsquo;ao\u00fbt."}]},{"@type":"WebSite","@id":"https:\/\/www.lespritdesanges.com\/blog\/#website","url":"https:\/\/www.lespritdesanges.com\/blog\/","name":"","description":"Le blog shabby de l&#039;Esprit des Anges","publisher":{"@id":"https:\/\/www.lespritdesanges.com\/blog\/#organization"},"potentialAction":[{"@type":"SearchAction","target":{"@type":"EntryPoint","urlTemplate":"https:\/\/www.lespritdesanges.com\/blog\/?s={search_term_string}"},"query-input":{"@type":"PropertyValueSpecification","valueRequired":true,"valueName":"search_term_string"}}],"inLanguage":"fr-FR"},{"@type":"Organization","@id":"https:\/\/www.lespritdesanges.com\/blog\/#organization","name":"L'Esprit des Anges","url":"https:\/\/www.lespritdesanges.com\/blog\/","logo":{"@type":"ImageObject","inLanguage":"fr-FR","@id":"https:\/\/www.lespritdesanges.com\/blog\/#\/schema\/logo\/image\/","url":"https:\/\/www.lespritdesanges.com\/blog\/wp-content\/uploads\/2016\/03\/lespridesanges-icone.jpg","contentUrl":"https:\/\/www.lespritdesanges.com\/blog\/wp-content\/uploads\/2016\/03\/lespridesanges-icone.jpg","width":512,"height":512,"caption":"L'Esprit des Anges"},"image":{"@id":"https:\/\/www.lespritdesanges.com\/blog\/#\/schema\/logo\/image\/"},"sameAs":["https:\/\/www.facebook.com\/espritdesanges\/","https:\/\/x.com\/Lespritdesanges","https:\/\/fr.pinterest.com\/lespritdesanges\/"]},{"@type":"Person","@id":"https:\/\/www.lespritdesanges.com\/blog\/#\/schema\/person\/5c9af43eaa955c405e722e6de2dbb06e","name":"Axel","image":{"@type":"ImageObject","inLanguage":"fr-FR","@id":"https:\/\/secure.gravatar.com\/avatar\/7027e2a2dcc9f5c86ab92f9936cd6995acd2309991bc964a20c7c96a178588e3?s=96&d=mm&r=g","url":"https:\/\/secure.gravatar.com\/avatar\/7027e2a2dcc9f5c86ab92f9936cd6995acd2309991bc964a20c7c96a178588e3?s=96&d=mm&r=g","contentUrl":"https:\/\/secure.gravatar.com\/avatar\/7027e2a2dcc9f5c86ab92f9936cd6995acd2309991bc964a20c7c96a178588e3?s=96&d=mm&r=g","caption":"Axel"},"url":"https:\/\/www.lespritdesanges.com\/blog\/author\/axel\/"}]}},"_links":{"self":[{"href":"https:\/\/www.lespritdesanges.com\/blog\/wp-json\/wp\/v2\/posts\/109","targetHints":{"allow":["GET"]}}],"collection":[{"href":"https:\/\/www.lespritdesanges.com\/blog\/wp-json\/wp\/v2\/posts"}],"about":[{"href":"https:\/\/www.lespritdesanges.com\/blog\/wp-json\/wp\/v2\/types\/post"}],"author":[{"embeddable":true,"href":"https:\/\/www.lespritdesanges.com\/blog\/wp-json\/wp\/v2\/users\/1"}],"replies":[{"embeddable":true,"href":"https:\/\/www.lespritdesanges.com\/blog\/wp-json\/wp\/v2\/comments?post=109"}],"version-history":[{"count":3,"href":"https:\/\/www.lespritdesanges.com\/blog\/wp-json\/wp\/v2\/posts\/109\/revisions"}],"predecessor-version":[{"id":114,"href":"https:\/\/www.lespritdesanges.com\/blog\/wp-json\/wp\/v2\/posts\/109\/revisions\/114"}],"wp:featuredmedia":[{"embeddable":true,"href":"https:\/\/www.lespritdesanges.com\/blog\/wp-json\/wp\/v2\/media\/110"}],"wp:attachment":[{"href":"https:\/\/www.lespritdesanges.com\/blog\/wp-json\/wp\/v2\/media?parent=109"}],"wp:term":[{"taxonomy":"category","embeddable":true,"href":"https:\/\/www.lespritdesanges.com\/blog\/wp-json\/wp\/v2\/categories?post=109"},{"taxonomy":"post_tag","embeddable":true,"href":"https:\/\/www.lespritdesanges.com\/blog\/wp-json\/wp\/v2\/tags?post=109"}],"curies":[{"name":"wp","href":"https:\/\/api.w.org\/{rel}","templated":true}]}}