{"id":503,"date":"2016-11-11T12:11:36","date_gmt":"2016-11-11T11:11:36","guid":{"rendered":"https:\/\/www.lespritdesanges.com\/blog\/?p=503"},"modified":"2020-01-22T09:42:17","modified_gmt":"2020-01-22T08:42:17","slug":"anges-bataille-de-mons-mythe-realite","status":"publish","type":"post","link":"https:\/\/www.lespritdesanges.com\/blog\/anges-bataille-de-mons-mythe-realite\/","title":{"rendered":"Les anges de la bataille de Mons , mythe ou r\u00e9alit\u00e9 ?"},"content":{"rendered":"<p style=\"text-align: justify;\">En ce jour de <strong>comm\u00e9moration de l&rsquo;armistice de 1918<\/strong> qui mettait fin \u00e0 quatre ann\u00e9es d&rsquo;un carnage abominable j&rsquo;ai souhait\u00e9 rappeler une histoire peu connue des fran\u00e7ais mais souvent rappel\u00e9e par nos amis britanniques et belges qui furent concern\u00e9s par cet \u00e9v\u00e8nement. Une histoire tout en contraste avec la cruaut\u00e9 des \u00e9v\u00e8nements.<\/p>\n<p class=\"documentFirstHeading\" style=\"text-align: justify;\">Cette histoire est largement document\u00e9e sur le site de la ville de Mons car elle fait partie de son patrimoine historique , <span id=\"parent-fieldname-title\" class=\"\">La l\u00e9gende des Anges protecteurs de Mons .<\/span><\/p>\n<p class=\"documentFirstHeading\" style=\"text-align: justify;\">Selon la l\u00e9gende ce serait pendant la nuit du 23 ao\u00fbt 1914 que l&rsquo;arm\u00e9e britannique alors prise en \u00e9tau vit appara\u00eetre dans le ciel des figures ail\u00e9es, illumin\u00e9es, qui seraient alors venues en aide aux troupes en d\u00e9tresse. Ces anges auraient pendant un temps endigu\u00e9 le flux de l&rsquo;arm\u00e9e allemande , ce qui permit la retraite en bonne ordre et sans pertes des britanniques.<\/p>\n<p class=\"documentFirstHeading\" style=\"text-align: justify;\">On a certes un peu de mal \u00e0 croire \u00e0 l&rsquo;authenticit\u00e9 des faits mais on peut n\u00e9anmoins les interpr\u00e9ter comme une sorte d&rsquo;all\u00e9gorie. Il faut imaginer l&rsquo;\u00e9tat physique et moral des soldats , leur \u00e9puisement du \u00e0 des conditions de vies \u00e0 peine supportables , le manque de sommeil, les efforts constants , le danger et la tristesse de voir tomber leurs compagnons d&rsquo;armes.<\/p>\n<p class=\"documentFirstHeading\" style=\"text-align: justify;\">Plong\u00e9s dans une situation quasi d\u00e9sesp\u00e9r\u00e9e dont il ne voyait d&rsquo;issue que fatale il ne leur restait qu&rsquo;\u00e0 prier pour obtenir un soutien . Sans doute leur vision d&rsquo;anges dans le ciel est elle le fruit d&rsquo;une hallucination aid\u00e9e par la forme des nuages et une attente psychologique pouss\u00e9e \u00e0 son paroxysme. Il est dit que parfois on est pr\u00eat \u00e0 tout imaginer dans des situations extr\u00eames o\u00f9 l&rsquo;on pense sa derni\u00e8re heure arriv\u00e9e.<\/p>\n<p class=\"documentFirstHeading\" style=\"text-align: justify;\">Quoi qu&rsquo;il en soit , r\u00e9elle ou imaginaire , cette vision nous montre cette p\u00e9riode de l&rsquo;histoire dans toute son humanit\u00e9 , avec la fragilit\u00e9 de l&rsquo;homme et son d\u00e9sir d&rsquo;espoir , parfois exauc\u00e9 . Une histoire o\u00f9 il est dit qu&rsquo;il ne faut jamais renoncer ou d\u00e9sesp\u00e9rer , une lueur optimiste au c\u0153ur de sombres \u00e9v\u00e8nements.<\/p>\n<p class=\"documentFirstHeading\" style=\"text-align: justify;\"><img loading=\"lazy\" decoding=\"async\" class=\"aligncenter size-large wp-image-574\" src=\"https:\/\/www.lespritdesanges.com\/blog\/wp-content\/uploads\/2016\/11\/1507-700x748.jpg\" alt=\"ange dans un pr\u00e9\" width=\"700\" height=\"748\" srcset=\"https:\/\/www.lespritdesanges.com\/blog\/wp-content\/uploads\/2016\/11\/1507-700x748.jpg 700w, https:\/\/www.lespritdesanges.com\/blog\/wp-content\/uploads\/2016\/11\/1507-281x300.jpg 281w, https:\/\/www.lespritdesanges.com\/blog\/wp-content\/uploads\/2016\/11\/1507-768x821.jpg 768w, https:\/\/www.lespritdesanges.com\/blog\/wp-content\/uploads\/2016\/11\/1507-800x855.jpg 800w, https:\/\/www.lespritdesanges.com\/blog\/wp-content\/uploads\/2016\/11\/1507.jpg 900w\" sizes=\"auto, (max-width: 700px) 100vw, 700px\" \/><\/p>\n","protected":false},"excerpt":{"rendered":"<p>En ce jour de comm\u00e9moration de l&rsquo;armistice de 1918 qui mettait fin \u00e0 quatre ann\u00e9es d&rsquo;un carnage abominable j&rsquo;ai souhait\u00e9 rappeler une histoire peu connue des fran\u00e7ais mais souvent rappel\u00e9e par nos amis britanniques et belges qui furent concern\u00e9s par cet \u00e9v\u00e8nement. Une histoire tout en contraste avec la cruaut\u00e9 des \u00e9v\u00e8nements. Cette histoire est &#8230; <a title=\"Les anges de la bataille de Mons , mythe ou r\u00e9alit\u00e9 ?\" class=\"read-more\" href=\"https:\/\/www.lespritdesanges.com\/blog\/anges-bataille-de-mons-mythe-realite\/\" aria-label=\"En savoir plus sur Les anges de la bataille de Mons , mythe ou r\u00e9alit\u00e9 ?\">Lire la suite<\/a><\/p>\n","protected":false},"author":1,"featured_media":508,"comment_status":"open","ping_status":"open","sticky":false,"template":"","format":"standard","meta":{"footnotes":""},"categories":[1],"tags":[],"class_list":["post-503","post","type-post","status-publish","format-standard","has-post-thumbnail","hentry","category-non-classe"],"yoast_head":"<!-- This site is optimized with the Yoast SEO plugin v27.4 - https:\/\/yoast.com\/product\/yoast-seo-wordpress\/ -->\n<title>Les anges de la bataille de Mons , mythe ou r\u00e9alit\u00e9 ?<\/title>\n<meta name=\"description\" content=\"L&#039;histoire des anges de la bataille de Mons est rest\u00e9e pour longtemps grav\u00e9e dans les esprits comme un symbole de ferveur et d&#039;espoir.\" \/>\n<meta name=\"robots\" content=\"index, follow, max-snippet:-1, max-image-preview:large, max-video-preview:-1\" \/>\n<link rel=\"canonical\" href=\"https:\/\/www.lespritdesanges.com\/blog\/anges-bataille-de-mons-mythe-realite\/\" \/>\n<meta property=\"og:locale\" content=\"fr_FR\" \/>\n<meta property=\"og:type\" content=\"article\" \/>\n<meta property=\"og:title\" content=\"Les anges de la bataille de Mons , mythe ou r\u00e9alit\u00e9 ?\" \/>\n<meta property=\"og:description\" content=\"L&#039;histoire des anges de la bataille de Mons est rest\u00e9e pour longtemps grav\u00e9e dans les esprits comme un symbole de ferveur et d&#039;espoir.\" \/>\n<meta property=\"og:url\" content=\"https:\/\/www.lespritdesanges.com\/blog\/anges-bataille-de-mons-mythe-realite\/\" \/>\n<meta property=\"article:publisher\" content=\"https:\/\/www.facebook.com\/espritdesanges\/\" \/>\n<meta property=\"article:published_time\" content=\"2016-11-11T11:11:36+00:00\" \/>\n<meta property=\"article:modified_time\" content=\"2020-01-22T08:42:17+00:00\" \/>\n<meta property=\"og:image\" content=\"https:\/\/www.lespritdesanges.com\/blog\/wp-content\/uploads\/2016\/11\/anges-mons-gros-plan-mpi.png\" \/>\n\t<meta property=\"og:image:width\" content=\"540\" \/>\n\t<meta property=\"og:image:height\" content=\"300\" \/>\n\t<meta property=\"og:image:type\" content=\"image\/png\" \/>\n<meta name=\"author\" content=\"Axel\" \/>\n<meta name=\"twitter:card\" content=\"summary_large_image\" \/>\n<meta name=\"twitter:creator\" content=\"@Lespritdesanges\" \/>\n<meta name=\"twitter:site\" content=\"@Lespritdesanges\" \/>\n<meta name=\"twitter:label1\" content=\"\u00c9crit par\" \/>\n\t<meta name=\"twitter:data1\" content=\"Axel\" \/>\n\t<meta name=\"twitter:label2\" content=\"Dur\u00e9e de lecture estim\u00e9e\" \/>\n\t<meta name=\"twitter:data2\" content=\"2 minutes\" \/>\n<script type=\"application\/ld+json\" class=\"yoast-schema-graph\">{\"@context\":\"https:\\\/\\\/schema.org\",\"@graph\":[{\"@type\":\"Article\",\"@id\":\"https:\\\/\\\/www.lespritdesanges.com\\\/blog\\\/anges-bataille-de-mons-mythe-realite\\\/#article\",\"isPartOf\":{\"@id\":\"https:\\\/\\\/www.lespritdesanges.com\\\/blog\\\/anges-bataille-de-mons-mythe-realite\\\/\"},\"author\":{\"name\":\"Axel\",\"@id\":\"https:\\\/\\\/www.lespritdesanges.com\\\/blog\\\/#\\\/schema\\\/person\\\/5c9af43eaa955c405e722e6de2dbb06e\"},\"headline\":\"Les anges de la bataille de Mons , mythe ou r\u00e9alit\u00e9 ?\",\"datePublished\":\"2016-11-11T11:11:36+00:00\",\"dateModified\":\"2020-01-22T08:42:17+00:00\",\"mainEntityOfPage\":{\"@id\":\"https:\\\/\\\/www.lespritdesanges.com\\\/blog\\\/anges-bataille-de-mons-mythe-realite\\\/\"},\"wordCount\":367,\"commentCount\":0,\"publisher\":{\"@id\":\"https:\\\/\\\/www.lespritdesanges.com\\\/blog\\\/#organization\"},\"image\":{\"@id\":\"https:\\\/\\\/www.lespritdesanges.com\\\/blog\\\/anges-bataille-de-mons-mythe-realite\\\/#primaryimage\"},\"thumbnailUrl\":\"https:\\\/\\\/www.lespritdesanges.com\\\/blog\\\/wp-content\\\/uploads\\\/2016\\\/11\\\/anges-mons-gros-plan-mpi.png\",\"inLanguage\":\"fr-FR\",\"potentialAction\":[{\"@type\":\"CommentAction\",\"name\":\"Comment\",\"target\":[\"https:\\\/\\\/www.lespritdesanges.com\\\/blog\\\/anges-bataille-de-mons-mythe-realite\\\/#respond\"]}]},{\"@type\":\"WebPage\",\"@id\":\"https:\\\/\\\/www.lespritdesanges.com\\\/blog\\\/anges-bataille-de-mons-mythe-realite\\\/\",\"url\":\"https:\\\/\\\/www.lespritdesanges.com\\\/blog\\\/anges-bataille-de-mons-mythe-realite\\\/\",\"name\":\"Les anges de la bataille de Mons , mythe ou r\u00e9alit\u00e9 ?\",\"isPartOf\":{\"@id\":\"https:\\\/\\\/www.lespritdesanges.com\\\/blog\\\/#website\"},\"primaryImageOfPage\":{\"@id\":\"https:\\\/\\\/www.lespritdesanges.com\\\/blog\\\/anges-bataille-de-mons-mythe-realite\\\/#primaryimage\"},\"image\":{\"@id\":\"https:\\\/\\\/www.lespritdesanges.com\\\/blog\\\/anges-bataille-de-mons-mythe-realite\\\/#primaryimage\"},\"thumbnailUrl\":\"https:\\\/\\\/www.lespritdesanges.com\\\/blog\\\/wp-content\\\/uploads\\\/2016\\\/11\\\/anges-mons-gros-plan-mpi.png\",\"datePublished\":\"2016-11-11T11:11:36+00:00\",\"dateModified\":\"2020-01-22T08:42:17+00:00\",\"description\":\"L'histoire des anges de la bataille de Mons est rest\u00e9e pour longtemps grav\u00e9e dans les esprits comme un symbole de ferveur et d'espoir.\",\"breadcrumb\":{\"@id\":\"https:\\\/\\\/www.lespritdesanges.com\\\/blog\\\/anges-bataille-de-mons-mythe-realite\\\/#breadcrumb\"},\"inLanguage\":\"fr-FR\",\"potentialAction\":[{\"@type\":\"ReadAction\",\"target\":[\"https:\\\/\\\/www.lespritdesanges.com\\\/blog\\\/anges-bataille-de-mons-mythe-realite\\\/\"]}]},{\"@type\":\"ImageObject\",\"inLanguage\":\"fr-FR\",\"@id\":\"https:\\\/\\\/www.lespritdesanges.com\\\/blog\\\/anges-bataille-de-mons-mythe-realite\\\/#primaryimage\",\"url\":\"https:\\\/\\\/www.lespritdesanges.com\\\/blog\\\/wp-content\\\/uploads\\\/2016\\\/11\\\/anges-mons-gros-plan-mpi.png\",\"contentUrl\":\"https:\\\/\\\/www.lespritdesanges.com\\\/blog\\\/wp-content\\\/uploads\\\/2016\\\/11\\\/anges-mons-gros-plan-mpi.png\",\"width\":540,\"height\":300,\"caption\":\"anges de mons\"},{\"@type\":\"BreadcrumbList\",\"@id\":\"https:\\\/\\\/www.lespritdesanges.com\\\/blog\\\/anges-bataille-de-mons-mythe-realite\\\/#breadcrumb\",\"itemListElement\":[{\"@type\":\"ListItem\",\"position\":1,\"name\":\"Accueil\",\"item\":\"https:\\\/\\\/www.lespritdesanges.com\\\/blog\\\/\"},{\"@type\":\"ListItem\",\"position\":2,\"name\":\"Les anges de la bataille de Mons , mythe ou r\u00e9alit\u00e9 ?\"}]},{\"@type\":\"WebSite\",\"@id\":\"https:\\\/\\\/www.lespritdesanges.com\\\/blog\\\/#website\",\"url\":\"https:\\\/\\\/www.lespritdesanges.com\\\/blog\\\/\",\"name\":\"\",\"description\":\"Le blog shabby de l&#039;Esprit des Anges\",\"publisher\":{\"@id\":\"https:\\\/\\\/www.lespritdesanges.com\\\/blog\\\/#organization\"},\"potentialAction\":[{\"@type\":\"SearchAction\",\"target\":{\"@type\":\"EntryPoint\",\"urlTemplate\":\"https:\\\/\\\/www.lespritdesanges.com\\\/blog\\\/?s={search_term_string}\"},\"query-input\":{\"@type\":\"PropertyValueSpecification\",\"valueRequired\":true,\"valueName\":\"search_term_string\"}}],\"inLanguage\":\"fr-FR\"},{\"@type\":\"Organization\",\"@id\":\"https:\\\/\\\/www.lespritdesanges.com\\\/blog\\\/#organization\",\"name\":\"L'Esprit des Anges\",\"url\":\"https:\\\/\\\/www.lespritdesanges.com\\\/blog\\\/\",\"logo\":{\"@type\":\"ImageObject\",\"inLanguage\":\"fr-FR\",\"@id\":\"https:\\\/\\\/www.lespritdesanges.com\\\/blog\\\/#\\\/schema\\\/logo\\\/image\\\/\",\"url\":\"https:\\\/\\\/www.lespritdesanges.com\\\/blog\\\/wp-content\\\/uploads\\\/2016\\\/03\\\/lespridesanges-icone.jpg\",\"contentUrl\":\"https:\\\/\\\/www.lespritdesanges.com\\\/blog\\\/wp-content\\\/uploads\\\/2016\\\/03\\\/lespridesanges-icone.jpg\",\"width\":512,\"height\":512,\"caption\":\"L'Esprit des Anges\"},\"image\":{\"@id\":\"https:\\\/\\\/www.lespritdesanges.com\\\/blog\\\/#\\\/schema\\\/logo\\\/image\\\/\"},\"sameAs\":[\"https:\\\/\\\/www.facebook.com\\\/espritdesanges\\\/\",\"https:\\\/\\\/x.com\\\/Lespritdesanges\",\"https:\\\/\\\/fr.pinterest.com\\\/lespritdesanges\\\/\"]},{\"@type\":\"Person\",\"@id\":\"https:\\\/\\\/www.lespritdesanges.com\\\/blog\\\/#\\\/schema\\\/person\\\/5c9af43eaa955c405e722e6de2dbb06e\",\"name\":\"Axel\",\"image\":{\"@type\":\"ImageObject\",\"inLanguage\":\"fr-FR\",\"@id\":\"https:\\\/\\\/secure.gravatar.com\\\/avatar\\\/7027e2a2dcc9f5c86ab92f9936cd6995acd2309991bc964a20c7c96a178588e3?s=96&d=mm&r=g\",\"url\":\"https:\\\/\\\/secure.gravatar.com\\\/avatar\\\/7027e2a2dcc9f5c86ab92f9936cd6995acd2309991bc964a20c7c96a178588e3?s=96&d=mm&r=g\",\"contentUrl\":\"https:\\\/\\\/secure.gravatar.com\\\/avatar\\\/7027e2a2dcc9f5c86ab92f9936cd6995acd2309991bc964a20c7c96a178588e3?s=96&d=mm&r=g\",\"caption\":\"Axel\"},\"url\":\"https:\\\/\\\/www.lespritdesanges.com\\\/blog\\\/author\\\/axel\\\/\"}]}<\/script>\n<!-- \/ Yoast SEO plugin. -->","yoast_head_json":{"title":"Les anges de la bataille de Mons , mythe ou r\u00e9alit\u00e9 ?","description":"L'histoire des anges de la bataille de Mons est rest\u00e9e pour longtemps grav\u00e9e dans les esprits comme un symbole de ferveur et d'espoir.","robots":{"index":"index","follow":"follow","max-snippet":"max-snippet:-1","max-image-preview":"max-image-preview:large","max-video-preview":"max-video-preview:-1"},"canonical":"https:\/\/www.lespritdesanges.com\/blog\/anges-bataille-de-mons-mythe-realite\/","og_locale":"fr_FR","og_type":"article","og_title":"Les anges de la bataille de Mons , mythe ou r\u00e9alit\u00e9 ?","og_description":"L'histoire des anges de la bataille de Mons est rest\u00e9e pour longtemps grav\u00e9e dans les esprits comme un symbole de ferveur et d'espoir.","og_url":"https:\/\/www.lespritdesanges.com\/blog\/anges-bataille-de-mons-mythe-realite\/","article_publisher":"https:\/\/www.facebook.com\/espritdesanges\/","article_published_time":"2016-11-11T11:11:36+00:00","article_modified_time":"2020-01-22T08:42:17+00:00","og_image":[{"width":540,"height":300,"url":"https:\/\/www.lespritdesanges.com\/blog\/wp-content\/uploads\/2016\/11\/anges-mons-gros-plan-mpi.png","type":"image\/png"}],"author":"Axel","twitter_card":"summary_large_image","twitter_creator":"@Lespritdesanges","twitter_site":"@Lespritdesanges","twitter_misc":{"\u00c9crit par":"Axel","Dur\u00e9e de lecture estim\u00e9e":"2 minutes"},"schema":{"@context":"https:\/\/schema.org","@graph":[{"@type":"Article","@id":"https:\/\/www.lespritdesanges.com\/blog\/anges-bataille-de-mons-mythe-realite\/#article","isPartOf":{"@id":"https:\/\/www.lespritdesanges.com\/blog\/anges-bataille-de-mons-mythe-realite\/"},"author":{"name":"Axel","@id":"https:\/\/www.lespritdesanges.com\/blog\/#\/schema\/person\/5c9af43eaa955c405e722e6de2dbb06e"},"headline":"Les anges de la bataille de Mons , mythe ou r\u00e9alit\u00e9 ?","datePublished":"2016-11-11T11:11:36+00:00","dateModified":"2020-01-22T08:42:17+00:00","mainEntityOfPage":{"@id":"https:\/\/www.lespritdesanges.com\/blog\/anges-bataille-de-mons-mythe-realite\/"},"wordCount":367,"commentCount":0,"publisher":{"@id":"https:\/\/www.lespritdesanges.com\/blog\/#organization"},"image":{"@id":"https:\/\/www.lespritdesanges.com\/blog\/anges-bataille-de-mons-mythe-realite\/#primaryimage"},"thumbnailUrl":"https:\/\/www.lespritdesanges.com\/blog\/wp-content\/uploads\/2016\/11\/anges-mons-gros-plan-mpi.png","inLanguage":"fr-FR","potentialAction":[{"@type":"CommentAction","name":"Comment","target":["https:\/\/www.lespritdesanges.com\/blog\/anges-bataille-de-mons-mythe-realite\/#respond"]}]},{"@type":"WebPage","@id":"https:\/\/www.lespritdesanges.com\/blog\/anges-bataille-de-mons-mythe-realite\/","url":"https:\/\/www.lespritdesanges.com\/blog\/anges-bataille-de-mons-mythe-realite\/","name":"Les anges de la bataille de Mons , mythe ou r\u00e9alit\u00e9 ?","isPartOf":{"@id":"https:\/\/www.lespritdesanges.com\/blog\/#website"},"primaryImageOfPage":{"@id":"https:\/\/www.lespritdesanges.com\/blog\/anges-bataille-de-mons-mythe-realite\/#primaryimage"},"image":{"@id":"https:\/\/www.lespritdesanges.com\/blog\/anges-bataille-de-mons-mythe-realite\/#primaryimage"},"thumbnailUrl":"https:\/\/www.lespritdesanges.com\/blog\/wp-content\/uploads\/2016\/11\/anges-mons-gros-plan-mpi.png","datePublished":"2016-11-11T11:11:36+00:00","dateModified":"2020-01-22T08:42:17+00:00","description":"L'histoire des anges de la bataille de Mons est rest\u00e9e pour longtemps grav\u00e9e dans les esprits comme un symbole de ferveur et d'espoir.","breadcrumb":{"@id":"https:\/\/www.lespritdesanges.com\/blog\/anges-bataille-de-mons-mythe-realite\/#breadcrumb"},"inLanguage":"fr-FR","potentialAction":[{"@type":"ReadAction","target":["https:\/\/www.lespritdesanges.com\/blog\/anges-bataille-de-mons-mythe-realite\/"]}]},{"@type":"ImageObject","inLanguage":"fr-FR","@id":"https:\/\/www.lespritdesanges.com\/blog\/anges-bataille-de-mons-mythe-realite\/#primaryimage","url":"https:\/\/www.lespritdesanges.com\/blog\/wp-content\/uploads\/2016\/11\/anges-mons-gros-plan-mpi.png","contentUrl":"https:\/\/www.lespritdesanges.com\/blog\/wp-content\/uploads\/2016\/11\/anges-mons-gros-plan-mpi.png","width":540,"height":300,"caption":"anges de mons"},{"@type":"BreadcrumbList","@id":"https:\/\/www.lespritdesanges.com\/blog\/anges-bataille-de-mons-mythe-realite\/#breadcrumb","itemListElement":[{"@type":"ListItem","position":1,"name":"Accueil","item":"https:\/\/www.lespritdesanges.com\/blog\/"},{"@type":"ListItem","position":2,"name":"Les anges de la bataille de Mons , mythe ou r\u00e9alit\u00e9 ?"}]},{"@type":"WebSite","@id":"https:\/\/www.lespritdesanges.com\/blog\/#website","url":"https:\/\/www.lespritdesanges.com\/blog\/","name":"","description":"Le blog shabby de l&#039;Esprit des Anges","publisher":{"@id":"https:\/\/www.lespritdesanges.com\/blog\/#organization"},"potentialAction":[{"@type":"SearchAction","target":{"@type":"EntryPoint","urlTemplate":"https:\/\/www.lespritdesanges.com\/blog\/?s={search_term_string}"},"query-input":{"@type":"PropertyValueSpecification","valueRequired":true,"valueName":"search_term_string"}}],"inLanguage":"fr-FR"},{"@type":"Organization","@id":"https:\/\/www.lespritdesanges.com\/blog\/#organization","name":"L'Esprit des Anges","url":"https:\/\/www.lespritdesanges.com\/blog\/","logo":{"@type":"ImageObject","inLanguage":"fr-FR","@id":"https:\/\/www.lespritdesanges.com\/blog\/#\/schema\/logo\/image\/","url":"https:\/\/www.lespritdesanges.com\/blog\/wp-content\/uploads\/2016\/03\/lespridesanges-icone.jpg","contentUrl":"https:\/\/www.lespritdesanges.com\/blog\/wp-content\/uploads\/2016\/03\/lespridesanges-icone.jpg","width":512,"height":512,"caption":"L'Esprit des Anges"},"image":{"@id":"https:\/\/www.lespritdesanges.com\/blog\/#\/schema\/logo\/image\/"},"sameAs":["https:\/\/www.facebook.com\/espritdesanges\/","https:\/\/x.com\/Lespritdesanges","https:\/\/fr.pinterest.com\/lespritdesanges\/"]},{"@type":"Person","@id":"https:\/\/www.lespritdesanges.com\/blog\/#\/schema\/person\/5c9af43eaa955c405e722e6de2dbb06e","name":"Axel","image":{"@type":"ImageObject","inLanguage":"fr-FR","@id":"https:\/\/secure.gravatar.com\/avatar\/7027e2a2dcc9f5c86ab92f9936cd6995acd2309991bc964a20c7c96a178588e3?s=96&d=mm&r=g","url":"https:\/\/secure.gravatar.com\/avatar\/7027e2a2dcc9f5c86ab92f9936cd6995acd2309991bc964a20c7c96a178588e3?s=96&d=mm&r=g","contentUrl":"https:\/\/secure.gravatar.com\/avatar\/7027e2a2dcc9f5c86ab92f9936cd6995acd2309991bc964a20c7c96a178588e3?s=96&d=mm&r=g","caption":"Axel"},"url":"https:\/\/www.lespritdesanges.com\/blog\/author\/axel\/"}]}},"_links":{"self":[{"href":"https:\/\/www.lespritdesanges.com\/blog\/wp-json\/wp\/v2\/posts\/503","targetHints":{"allow":["GET"]}}],"collection":[{"href":"https:\/\/www.lespritdesanges.com\/blog\/wp-json\/wp\/v2\/posts"}],"about":[{"href":"https:\/\/www.lespritdesanges.com\/blog\/wp-json\/wp\/v2\/types\/post"}],"author":[{"embeddable":true,"href":"https:\/\/www.lespritdesanges.com\/blog\/wp-json\/wp\/v2\/users\/1"}],"replies":[{"embeddable":true,"href":"https:\/\/www.lespritdesanges.com\/blog\/wp-json\/wp\/v2\/comments?post=503"}],"version-history":[{"count":8,"href":"https:\/\/www.lespritdesanges.com\/blog\/wp-json\/wp\/v2\/posts\/503\/revisions"}],"predecessor-version":[{"id":728,"href":"https:\/\/www.lespritdesanges.com\/blog\/wp-json\/wp\/v2\/posts\/503\/revisions\/728"}],"wp:featuredmedia":[{"embeddable":true,"href":"https:\/\/www.lespritdesanges.com\/blog\/wp-json\/wp\/v2\/media\/508"}],"wp:attachment":[{"href":"https:\/\/www.lespritdesanges.com\/blog\/wp-json\/wp\/v2\/media?parent=503"}],"wp:term":[{"taxonomy":"category","embeddable":true,"href":"https:\/\/www.lespritdesanges.com\/blog\/wp-json\/wp\/v2\/categories?post=503"},{"taxonomy":"post_tag","embeddable":true,"href":"https:\/\/www.lespritdesanges.com\/blog\/wp-json\/wp\/v2\/tags?post=503"}],"curies":[{"name":"wp","href":"https:\/\/api.w.org\/{rel}","templated":true}]}}