{"id":83,"date":"2015-07-16T17:52:59","date_gmt":"2015-07-16T16:52:59","guid":{"rendered":"http:\/\/wwww.lespritdesanges.com\/blog?p=83"},"modified":"2020-05-30T13:11:22","modified_gmt":"2020-05-30T11:11:22","slug":"la-disposition-ideale-dune-salle-de-conference-ou-de-reunion","status":"publish","type":"post","link":"https:\/\/www.lespritdesanges.com\/blog\/la-disposition-ideale-dune-salle-de-conference-ou-de-reunion\/","title":{"rendered":"La disposition id\u00e9ale d\u2019une salle de conf\u00e9rence ou de r\u00e9union"},"content":{"rendered":"<p style=\"text-align: justify;\">L\u2019am\u00e9nagement d\u2019un espace appropri\u00e9 est n\u00e9cessaire pour une r\u00e9union d\u2019affaires r\u00e9ussie. Les meubles mal dispos\u00e9s peuvent entrainer un certain retard dans les pr\u00e9sentations ou rendre les participants mal \u00e0 l\u2019aise. Agencez alors votre salle de conf\u00e9rence en fonction du nombre de personnes et les activit\u00e9s qui se d\u00e9rouleront au cours de votre r\u00e9union ou conf\u00e9rence. Pour avoir une id\u00e9e sur la disposition id\u00e9ale de votre salle, vous pouvez en visionner quelques-unes en <strong>zone activit\u00e9 lille<\/strong> ou dans les centres d\u2019affaires lilloises.<\/p>\n<h2 style=\"text-align: justify;\">L\u2019am\u00e9nagement des meubles<\/h2>\n<p style=\"text-align: justify;\">Lorsque vous avez d\u00e9sign\u00e9 un conf\u00e9rencier ou un pr\u00e9sentateur pour votre r\u00e9union, vous pouvez organiser vos tables en forme de \u00ab\u00a0U\u00a0\u00bb avec le pr\u00e9sentateur plac\u00e9 sur un podium. La base de la forme en \u00ab\u00a0U\u00a0\u00bb doit \u00eatre plus proche de la porte, si possible, pour que les premiers venus puissent remplir les places les plus proches de l&rsquo;orateur, tandis que les retardataires puissent s\u2019installer plus proche de la porte sans perturber les autres. Cette disposition permet au conf\u00e9rencier d\u2019interagir facilement avec les participants et se circuler ais\u00e9ment tout en parlant.<\/p>\n<h2 style=\"text-align: justify;\">L\u2019espace de r\u00e9union<\/h2>\n<p style=\"text-align: justify;\">La disposition de la salle de r\u00e9union doit \u00eatre adapt\u00e9e pour la prise de notes et pour les r\u00e9unions n\u00e9cessitant plusieurs documents ou l&rsquo;utilisation d&rsquo;outils tels que les ordinateurs portables. Il est pr\u00e9f\u00e9rable de choisir une salle o\u00f9 les tables disposent d\u2019un espace d\u2019\u00e9criture pour chaque participant. Dans les salles de r\u00e9unions professionnelles fran\u00e7aises, comme en <strong>centre d\u2019affaires lille<\/strong>, chaque espace est dispos\u00e9 de fa\u00e7on confortable pour des r\u00e9unions de longues sessions. Des rafra\u00eechissants peuvent aussi \u00eatre plac\u00e9s \u00e0 la port\u00e9e de chaque participant.<\/p>\n<h2 style=\"text-align: justify;\">Une conception moderne<\/h2>\n<p style=\"text-align: justify;\">La technologie moderne permet d\u00e9sormais aux entreprises d\u2019effectuer des vid\u00e9os-conf\u00e9rences lors d\u2019une r\u00e9union (dans certains cas, la salle peut \u00eatre retravaill\u00e9e pour y organiser des sessions de formation). Les \u00e9quipements technologiques sont de vrais atouts pour donner une image plus professionnelle \u00e0 votre salle de r\u00e9union. Les \u00e9l\u00e9ments de base constituent un projecteur et un \u00e9cran de projection, une t\u00e9l\u00e9vision LCD, une webcam, des microphones, des haut-parleurs ainsi qu\u2019une connexion internet haut d\u00e9bit.<\/p>\n","protected":false},"excerpt":{"rendered":"<p>L\u2019am\u00e9nagement d\u2019un espace appropri\u00e9 est n\u00e9cessaire pour une r\u00e9union d\u2019affaires r\u00e9ussie. Les meubles mal dispos\u00e9s peuvent entrainer un certain retard dans les pr\u00e9sentations ou rendre les participants mal \u00e0 l\u2019aise. Agencez alors votre salle de conf\u00e9rence en fonction du nombre de personnes et les activit\u00e9s qui se d\u00e9rouleront au cours de votre r\u00e9union ou conf\u00e9rence. &#8230; <a title=\"La disposition id\u00e9ale d\u2019une salle de conf\u00e9rence ou de r\u00e9union\" class=\"read-more\" href=\"https:\/\/www.lespritdesanges.com\/blog\/la-disposition-ideale-dune-salle-de-conference-ou-de-reunion\/\" aria-label=\"En savoir plus sur La disposition id\u00e9ale d\u2019une salle de conf\u00e9rence ou de r\u00e9union\">Lire la suite<\/a><\/p>\n","protected":false},"author":1,"featured_media":84,"comment_status":"open","ping_status":"open","sticky":false,"template":"","format":"standard","meta":{"footnotes":""},"categories":[2],"tags":[],"class_list":["post-83","post","type-post","status-publish","format-standard","has-post-thumbnail","hentry","category-les-nouvelles"],"yoast_head":"<!-- This site is optimized with the Yoast SEO plugin v27.4 - https:\/\/yoast.com\/product\/yoast-seo-wordpress\/ -->\n<title>La disposition id\u00e9ale d\u2019une salle de conf\u00e9rence ou de r\u00e9union<\/title>\n<meta name=\"robots\" content=\"index, follow, max-snippet:-1, max-image-preview:large, max-video-preview:-1\" \/>\n<link rel=\"canonical\" href=\"https:\/\/www.lespritdesanges.com\/blog\/la-disposition-ideale-dune-salle-de-conference-ou-de-reunion\/\" \/>\n<meta property=\"og:locale\" content=\"fr_FR\" \/>\n<meta property=\"og:type\" content=\"article\" \/>\n<meta property=\"og:title\" content=\"La disposition id\u00e9ale d\u2019une salle de conf\u00e9rence ou de r\u00e9union\" \/>\n<meta property=\"og:description\" content=\"L\u2019am\u00e9nagement d\u2019un espace appropri\u00e9 est n\u00e9cessaire pour une r\u00e9union d\u2019affaires r\u00e9ussie. Les meubles mal dispos\u00e9s peuvent entrainer un certain retard dans les pr\u00e9sentations ou rendre les participants mal \u00e0 l\u2019aise. Agencez alors votre salle de conf\u00e9rence en fonction du nombre de personnes et les activit\u00e9s qui se d\u00e9rouleront au cours de votre r\u00e9union ou conf\u00e9rence. ... Lire la suite\" \/>\n<meta property=\"og:url\" content=\"https:\/\/www.lespritdesanges.com\/blog\/la-disposition-ideale-dune-salle-de-conference-ou-de-reunion\/\" \/>\n<meta property=\"article:publisher\" content=\"https:\/\/www.facebook.com\/espritdesanges\/\" \/>\n<meta property=\"article:published_time\" content=\"2015-07-16T16:52:59+00:00\" \/>\n<meta property=\"article:modified_time\" content=\"2020-05-30T11:11:22+00:00\" \/>\n<meta property=\"og:image\" content=\"https:\/\/www.lespritdesanges.com\/blog\/wp-content\/uploads\/2016\/03\/ph_simpleblog_18.jpg\" \/>\n\t<meta property=\"og:image:width\" content=\"301\" \/>\n\t<meta property=\"og:image:height\" content=\"300\" \/>\n\t<meta property=\"og:image:type\" content=\"image\/jpeg\" \/>\n<meta name=\"author\" content=\"Axel\" \/>\n<meta name=\"twitter:card\" content=\"summary_large_image\" \/>\n<meta name=\"twitter:creator\" content=\"@Lespritdesanges\" \/>\n<meta name=\"twitter:site\" content=\"@Lespritdesanges\" \/>\n<meta name=\"twitter:label1\" content=\"\u00c9crit par\" \/>\n\t<meta name=\"twitter:data1\" content=\"Axel\" \/>\n\t<meta name=\"twitter:label2\" content=\"Dur\u00e9e de lecture estim\u00e9e\" \/>\n\t<meta name=\"twitter:data2\" content=\"2 minutes\" \/>\n<script type=\"application\/ld+json\" class=\"yoast-schema-graph\">{\"@context\":\"https:\\\/\\\/schema.org\",\"@graph\":[{\"@type\":\"Article\",\"@id\":\"https:\\\/\\\/www.lespritdesanges.com\\\/blog\\\/la-disposition-ideale-dune-salle-de-conference-ou-de-reunion\\\/#article\",\"isPartOf\":{\"@id\":\"https:\\\/\\\/www.lespritdesanges.com\\\/blog\\\/la-disposition-ideale-dune-salle-de-conference-ou-de-reunion\\\/\"},\"author\":{\"name\":\"Axel\",\"@id\":\"https:\\\/\\\/www.lespritdesanges.com\\\/blog\\\/#\\\/schema\\\/person\\\/5c9af43eaa955c405e722e6de2dbb06e\"},\"headline\":\"La disposition id\u00e9ale d\u2019une salle de conf\u00e9rence ou de r\u00e9union\",\"datePublished\":\"2015-07-16T16:52:59+00:00\",\"dateModified\":\"2020-05-30T11:11:22+00:00\",\"mainEntityOfPage\":{\"@id\":\"https:\\\/\\\/www.lespritdesanges.com\\\/blog\\\/la-disposition-ideale-dune-salle-de-conference-ou-de-reunion\\\/\"},\"wordCount\":408,\"commentCount\":0,\"publisher\":{\"@id\":\"https:\\\/\\\/www.lespritdesanges.com\\\/blog\\\/#organization\"},\"image\":{\"@id\":\"https:\\\/\\\/www.lespritdesanges.com\\\/blog\\\/la-disposition-ideale-dune-salle-de-conference-ou-de-reunion\\\/#primaryimage\"},\"thumbnailUrl\":\"https:\\\/\\\/www.lespritdesanges.com\\\/blog\\\/wp-content\\\/uploads\\\/2016\\\/03\\\/ph_simpleblog_18.jpg\",\"articleSection\":[\"Les nouvelles\"],\"inLanguage\":\"fr-FR\",\"potentialAction\":[{\"@type\":\"CommentAction\",\"name\":\"Comment\",\"target\":[\"https:\\\/\\\/www.lespritdesanges.com\\\/blog\\\/la-disposition-ideale-dune-salle-de-conference-ou-de-reunion\\\/#respond\"]}]},{\"@type\":\"WebPage\",\"@id\":\"https:\\\/\\\/www.lespritdesanges.com\\\/blog\\\/la-disposition-ideale-dune-salle-de-conference-ou-de-reunion\\\/\",\"url\":\"https:\\\/\\\/www.lespritdesanges.com\\\/blog\\\/la-disposition-ideale-dune-salle-de-conference-ou-de-reunion\\\/\",\"name\":\"La disposition id\u00e9ale d\u2019une salle de conf\u00e9rence ou de r\u00e9union\",\"isPartOf\":{\"@id\":\"https:\\\/\\\/www.lespritdesanges.com\\\/blog\\\/#website\"},\"primaryImageOfPage\":{\"@id\":\"https:\\\/\\\/www.lespritdesanges.com\\\/blog\\\/la-disposition-ideale-dune-salle-de-conference-ou-de-reunion\\\/#primaryimage\"},\"image\":{\"@id\":\"https:\\\/\\\/www.lespritdesanges.com\\\/blog\\\/la-disposition-ideale-dune-salle-de-conference-ou-de-reunion\\\/#primaryimage\"},\"thumbnailUrl\":\"https:\\\/\\\/www.lespritdesanges.com\\\/blog\\\/wp-content\\\/uploads\\\/2016\\\/03\\\/ph_simpleblog_18.jpg\",\"datePublished\":\"2015-07-16T16:52:59+00:00\",\"dateModified\":\"2020-05-30T11:11:22+00:00\",\"breadcrumb\":{\"@id\":\"https:\\\/\\\/www.lespritdesanges.com\\\/blog\\\/la-disposition-ideale-dune-salle-de-conference-ou-de-reunion\\\/#breadcrumb\"},\"inLanguage\":\"fr-FR\",\"potentialAction\":[{\"@type\":\"ReadAction\",\"target\":[\"https:\\\/\\\/www.lespritdesanges.com\\\/blog\\\/la-disposition-ideale-dune-salle-de-conference-ou-de-reunion\\\/\"]}]},{\"@type\":\"ImageObject\",\"inLanguage\":\"fr-FR\",\"@id\":\"https:\\\/\\\/www.lespritdesanges.com\\\/blog\\\/la-disposition-ideale-dune-salle-de-conference-ou-de-reunion\\\/#primaryimage\",\"url\":\"https:\\\/\\\/www.lespritdesanges.com\\\/blog\\\/wp-content\\\/uploads\\\/2016\\\/03\\\/ph_simpleblog_18.jpg\",\"contentUrl\":\"https:\\\/\\\/www.lespritdesanges.com\\\/blog\\\/wp-content\\\/uploads\\\/2016\\\/03\\\/ph_simpleblog_18.jpg\",\"width\":301,\"height\":300},{\"@type\":\"BreadcrumbList\",\"@id\":\"https:\\\/\\\/www.lespritdesanges.com\\\/blog\\\/la-disposition-ideale-dune-salle-de-conference-ou-de-reunion\\\/#breadcrumb\",\"itemListElement\":[{\"@type\":\"ListItem\",\"position\":1,\"name\":\"Accueil\",\"item\":\"https:\\\/\\\/www.lespritdesanges.com\\\/blog\\\/\"},{\"@type\":\"ListItem\",\"position\":2,\"name\":\"La disposition id\u00e9ale d\u2019une salle de conf\u00e9rence ou de r\u00e9union\"}]},{\"@type\":\"WebSite\",\"@id\":\"https:\\\/\\\/www.lespritdesanges.com\\\/blog\\\/#website\",\"url\":\"https:\\\/\\\/www.lespritdesanges.com\\\/blog\\\/\",\"name\":\"\",\"description\":\"Le blog shabby de l&#039;Esprit des Anges\",\"publisher\":{\"@id\":\"https:\\\/\\\/www.lespritdesanges.com\\\/blog\\\/#organization\"},\"potentialAction\":[{\"@type\":\"SearchAction\",\"target\":{\"@type\":\"EntryPoint\",\"urlTemplate\":\"https:\\\/\\\/www.lespritdesanges.com\\\/blog\\\/?s={search_term_string}\"},\"query-input\":{\"@type\":\"PropertyValueSpecification\",\"valueRequired\":true,\"valueName\":\"search_term_string\"}}],\"inLanguage\":\"fr-FR\"},{\"@type\":\"Organization\",\"@id\":\"https:\\\/\\\/www.lespritdesanges.com\\\/blog\\\/#organization\",\"name\":\"L'Esprit des Anges\",\"url\":\"https:\\\/\\\/www.lespritdesanges.com\\\/blog\\\/\",\"logo\":{\"@type\":\"ImageObject\",\"inLanguage\":\"fr-FR\",\"@id\":\"https:\\\/\\\/www.lespritdesanges.com\\\/blog\\\/#\\\/schema\\\/logo\\\/image\\\/\",\"url\":\"https:\\\/\\\/www.lespritdesanges.com\\\/blog\\\/wp-content\\\/uploads\\\/2016\\\/03\\\/lespridesanges-icone.jpg\",\"contentUrl\":\"https:\\\/\\\/www.lespritdesanges.com\\\/blog\\\/wp-content\\\/uploads\\\/2016\\\/03\\\/lespridesanges-icone.jpg\",\"width\":512,\"height\":512,\"caption\":\"L'Esprit des Anges\"},\"image\":{\"@id\":\"https:\\\/\\\/www.lespritdesanges.com\\\/blog\\\/#\\\/schema\\\/logo\\\/image\\\/\"},\"sameAs\":[\"https:\\\/\\\/www.facebook.com\\\/espritdesanges\\\/\",\"https:\\\/\\\/x.com\\\/Lespritdesanges\",\"https:\\\/\\\/fr.pinterest.com\\\/lespritdesanges\\\/\"]},{\"@type\":\"Person\",\"@id\":\"https:\\\/\\\/www.lespritdesanges.com\\\/blog\\\/#\\\/schema\\\/person\\\/5c9af43eaa955c405e722e6de2dbb06e\",\"name\":\"Axel\",\"image\":{\"@type\":\"ImageObject\",\"inLanguage\":\"fr-FR\",\"@id\":\"https:\\\/\\\/secure.gravatar.com\\\/avatar\\\/7027e2a2dcc9f5c86ab92f9936cd6995acd2309991bc964a20c7c96a178588e3?s=96&d=mm&r=g\",\"url\":\"https:\\\/\\\/secure.gravatar.com\\\/avatar\\\/7027e2a2dcc9f5c86ab92f9936cd6995acd2309991bc964a20c7c96a178588e3?s=96&d=mm&r=g\",\"contentUrl\":\"https:\\\/\\\/secure.gravatar.com\\\/avatar\\\/7027e2a2dcc9f5c86ab92f9936cd6995acd2309991bc964a20c7c96a178588e3?s=96&d=mm&r=g\",\"caption\":\"Axel\"},\"url\":\"https:\\\/\\\/www.lespritdesanges.com\\\/blog\\\/author\\\/axel\\\/\"}]}<\/script>\n<!-- \/ Yoast SEO plugin. -->","yoast_head_json":{"title":"La disposition id\u00e9ale d\u2019une salle de conf\u00e9rence ou de r\u00e9union","robots":{"index":"index","follow":"follow","max-snippet":"max-snippet:-1","max-image-preview":"max-image-preview:large","max-video-preview":"max-video-preview:-1"},"canonical":"https:\/\/www.lespritdesanges.com\/blog\/la-disposition-ideale-dune-salle-de-conference-ou-de-reunion\/","og_locale":"fr_FR","og_type":"article","og_title":"La disposition id\u00e9ale d\u2019une salle de conf\u00e9rence ou de r\u00e9union","og_description":"L\u2019am\u00e9nagement d\u2019un espace appropri\u00e9 est n\u00e9cessaire pour une r\u00e9union d\u2019affaires r\u00e9ussie. Les meubles mal dispos\u00e9s peuvent entrainer un certain retard dans les pr\u00e9sentations ou rendre les participants mal \u00e0 l\u2019aise. Agencez alors votre salle de conf\u00e9rence en fonction du nombre de personnes et les activit\u00e9s qui se d\u00e9rouleront au cours de votre r\u00e9union ou conf\u00e9rence. ... Lire la suite","og_url":"https:\/\/www.lespritdesanges.com\/blog\/la-disposition-ideale-dune-salle-de-conference-ou-de-reunion\/","article_publisher":"https:\/\/www.facebook.com\/espritdesanges\/","article_published_time":"2015-07-16T16:52:59+00:00","article_modified_time":"2020-05-30T11:11:22+00:00","og_image":[{"width":301,"height":300,"url":"https:\/\/www.lespritdesanges.com\/blog\/wp-content\/uploads\/2016\/03\/ph_simpleblog_18.jpg","type":"image\/jpeg"}],"author":"Axel","twitter_card":"summary_large_image","twitter_creator":"@Lespritdesanges","twitter_site":"@Lespritdesanges","twitter_misc":{"\u00c9crit par":"Axel","Dur\u00e9e de lecture estim\u00e9e":"2 minutes"},"schema":{"@context":"https:\/\/schema.org","@graph":[{"@type":"Article","@id":"https:\/\/www.lespritdesanges.com\/blog\/la-disposition-ideale-dune-salle-de-conference-ou-de-reunion\/#article","isPartOf":{"@id":"https:\/\/www.lespritdesanges.com\/blog\/la-disposition-ideale-dune-salle-de-conference-ou-de-reunion\/"},"author":{"name":"Axel","@id":"https:\/\/www.lespritdesanges.com\/blog\/#\/schema\/person\/5c9af43eaa955c405e722e6de2dbb06e"},"headline":"La disposition id\u00e9ale d\u2019une salle de conf\u00e9rence ou de r\u00e9union","datePublished":"2015-07-16T16:52:59+00:00","dateModified":"2020-05-30T11:11:22+00:00","mainEntityOfPage":{"@id":"https:\/\/www.lespritdesanges.com\/blog\/la-disposition-ideale-dune-salle-de-conference-ou-de-reunion\/"},"wordCount":408,"commentCount":0,"publisher":{"@id":"https:\/\/www.lespritdesanges.com\/blog\/#organization"},"image":{"@id":"https:\/\/www.lespritdesanges.com\/blog\/la-disposition-ideale-dune-salle-de-conference-ou-de-reunion\/#primaryimage"},"thumbnailUrl":"https:\/\/www.lespritdesanges.com\/blog\/wp-content\/uploads\/2016\/03\/ph_simpleblog_18.jpg","articleSection":["Les nouvelles"],"inLanguage":"fr-FR","potentialAction":[{"@type":"CommentAction","name":"Comment","target":["https:\/\/www.lespritdesanges.com\/blog\/la-disposition-ideale-dune-salle-de-conference-ou-de-reunion\/#respond"]}]},{"@type":"WebPage","@id":"https:\/\/www.lespritdesanges.com\/blog\/la-disposition-ideale-dune-salle-de-conference-ou-de-reunion\/","url":"https:\/\/www.lespritdesanges.com\/blog\/la-disposition-ideale-dune-salle-de-conference-ou-de-reunion\/","name":"La disposition id\u00e9ale d\u2019une salle de conf\u00e9rence ou de r\u00e9union","isPartOf":{"@id":"https:\/\/www.lespritdesanges.com\/blog\/#website"},"primaryImageOfPage":{"@id":"https:\/\/www.lespritdesanges.com\/blog\/la-disposition-ideale-dune-salle-de-conference-ou-de-reunion\/#primaryimage"},"image":{"@id":"https:\/\/www.lespritdesanges.com\/blog\/la-disposition-ideale-dune-salle-de-conference-ou-de-reunion\/#primaryimage"},"thumbnailUrl":"https:\/\/www.lespritdesanges.com\/blog\/wp-content\/uploads\/2016\/03\/ph_simpleblog_18.jpg","datePublished":"2015-07-16T16:52:59+00:00","dateModified":"2020-05-30T11:11:22+00:00","breadcrumb":{"@id":"https:\/\/www.lespritdesanges.com\/blog\/la-disposition-ideale-dune-salle-de-conference-ou-de-reunion\/#breadcrumb"},"inLanguage":"fr-FR","potentialAction":[{"@type":"ReadAction","target":["https:\/\/www.lespritdesanges.com\/blog\/la-disposition-ideale-dune-salle-de-conference-ou-de-reunion\/"]}]},{"@type":"ImageObject","inLanguage":"fr-FR","@id":"https:\/\/www.lespritdesanges.com\/blog\/la-disposition-ideale-dune-salle-de-conference-ou-de-reunion\/#primaryimage","url":"https:\/\/www.lespritdesanges.com\/blog\/wp-content\/uploads\/2016\/03\/ph_simpleblog_18.jpg","contentUrl":"https:\/\/www.lespritdesanges.com\/blog\/wp-content\/uploads\/2016\/03\/ph_simpleblog_18.jpg","width":301,"height":300},{"@type":"BreadcrumbList","@id":"https:\/\/www.lespritdesanges.com\/blog\/la-disposition-ideale-dune-salle-de-conference-ou-de-reunion\/#breadcrumb","itemListElement":[{"@type":"ListItem","position":1,"name":"Accueil","item":"https:\/\/www.lespritdesanges.com\/blog\/"},{"@type":"ListItem","position":2,"name":"La disposition id\u00e9ale d\u2019une salle de conf\u00e9rence ou de r\u00e9union"}]},{"@type":"WebSite","@id":"https:\/\/www.lespritdesanges.com\/blog\/#website","url":"https:\/\/www.lespritdesanges.com\/blog\/","name":"","description":"Le blog shabby de l&#039;Esprit des Anges","publisher":{"@id":"https:\/\/www.lespritdesanges.com\/blog\/#organization"},"potentialAction":[{"@type":"SearchAction","target":{"@type":"EntryPoint","urlTemplate":"https:\/\/www.lespritdesanges.com\/blog\/?s={search_term_string}"},"query-input":{"@type":"PropertyValueSpecification","valueRequired":true,"valueName":"search_term_string"}}],"inLanguage":"fr-FR"},{"@type":"Organization","@id":"https:\/\/www.lespritdesanges.com\/blog\/#organization","name":"L'Esprit des Anges","url":"https:\/\/www.lespritdesanges.com\/blog\/","logo":{"@type":"ImageObject","inLanguage":"fr-FR","@id":"https:\/\/www.lespritdesanges.com\/blog\/#\/schema\/logo\/image\/","url":"https:\/\/www.lespritdesanges.com\/blog\/wp-content\/uploads\/2016\/03\/lespridesanges-icone.jpg","contentUrl":"https:\/\/www.lespritdesanges.com\/blog\/wp-content\/uploads\/2016\/03\/lespridesanges-icone.jpg","width":512,"height":512,"caption":"L'Esprit des Anges"},"image":{"@id":"https:\/\/www.lespritdesanges.com\/blog\/#\/schema\/logo\/image\/"},"sameAs":["https:\/\/www.facebook.com\/espritdesanges\/","https:\/\/x.com\/Lespritdesanges","https:\/\/fr.pinterest.com\/lespritdesanges\/"]},{"@type":"Person","@id":"https:\/\/www.lespritdesanges.com\/blog\/#\/schema\/person\/5c9af43eaa955c405e722e6de2dbb06e","name":"Axel","image":{"@type":"ImageObject","inLanguage":"fr-FR","@id":"https:\/\/secure.gravatar.com\/avatar\/7027e2a2dcc9f5c86ab92f9936cd6995acd2309991bc964a20c7c96a178588e3?s=96&d=mm&r=g","url":"https:\/\/secure.gravatar.com\/avatar\/7027e2a2dcc9f5c86ab92f9936cd6995acd2309991bc964a20c7c96a178588e3?s=96&d=mm&r=g","contentUrl":"https:\/\/secure.gravatar.com\/avatar\/7027e2a2dcc9f5c86ab92f9936cd6995acd2309991bc964a20c7c96a178588e3?s=96&d=mm&r=g","caption":"Axel"},"url":"https:\/\/www.lespritdesanges.com\/blog\/author\/axel\/"}]}},"_links":{"self":[{"href":"https:\/\/www.lespritdesanges.com\/blog\/wp-json\/wp\/v2\/posts\/83","targetHints":{"allow":["GET"]}}],"collection":[{"href":"https:\/\/www.lespritdesanges.com\/blog\/wp-json\/wp\/v2\/posts"}],"about":[{"href":"https:\/\/www.lespritdesanges.com\/blog\/wp-json\/wp\/v2\/types\/post"}],"author":[{"embeddable":true,"href":"https:\/\/www.lespritdesanges.com\/blog\/wp-json\/wp\/v2\/users\/1"}],"replies":[{"embeddable":true,"href":"https:\/\/www.lespritdesanges.com\/blog\/wp-json\/wp\/v2\/comments?post=83"}],"version-history":[{"count":2,"href":"https:\/\/www.lespritdesanges.com\/blog\/wp-json\/wp\/v2\/posts\/83\/revisions"}],"predecessor-version":[{"id":761,"href":"https:\/\/www.lespritdesanges.com\/blog\/wp-json\/wp\/v2\/posts\/83\/revisions\/761"}],"wp:featuredmedia":[{"embeddable":true,"href":"https:\/\/www.lespritdesanges.com\/blog\/wp-json\/wp\/v2\/media\/84"}],"wp:attachment":[{"href":"https:\/\/www.lespritdesanges.com\/blog\/wp-json\/wp\/v2\/media?parent=83"}],"wp:term":[{"taxonomy":"category","embeddable":true,"href":"https:\/\/www.lespritdesanges.com\/blog\/wp-json\/wp\/v2\/categories?post=83"},{"taxonomy":"post_tag","embeddable":true,"href":"https:\/\/www.lespritdesanges.com\/blog\/wp-json\/wp\/v2\/tags?post=83"}],"curies":[{"name":"wp","href":"https:\/\/api.w.org\/{rel}","templated":true}]}}